{"id":1775,"date":"2017-10-17T12:19:57","date_gmt":"2017-10-17T10:19:57","guid":{"rendered":"http:\/\/gemmavalls.com\/cancer-de-mama\/"},"modified":"2020-12-09T13:13:32","modified_gmt":"2020-12-09T12:13:32","slug":"cancer-de-mama","status":"publish","type":"post","link":"https:\/\/gemmavalls.com\/es\/cancer-de-mama\/","title":{"rendered":"C\u00e1ncer de mama"},"content":{"rendered":"<p>El c\u00e1ncer de mama es un tumor maligno que se inicia en el tejido de la gl\u00e1ndula mamaria.<\/p>\n<p>Se desconoce cu\u00e1les son las causas exactas del c\u00e1ncer de mama. La investigaci\u00f3n muestra que algunas mujeres con ciertos factores de riesgo tienen m\u00e1s probabilidad que otras mujeres de desarrollar c\u00e1ncer de mama.<\/p>\n<p>Un factor de riesgo es cualquier elemento que aumenta las posibilidades de que una persona pueda desarrollar c\u00e1ncer, pero la mayor\u00eda no son causa directa. Hay factores de riesgo que se pueden controlar, como el tabaquismo, y otros que no, como la edad y los aspectos hereditarios.<\/p>\n<p>En el caso del c\u00e1ncer de mama, se consideran de riesgo elevado:<br \/>\nLa edad, los antecedentes familiares, cambios gen\u00e9ticos, antecedentes personales de c\u00e1ncer de mama, alteraciones de la mama, exposici\u00f3n a estr\u00f3geno, radioterapia, sobrepeso u obesidad, poco ejercicio f\u00edsico, exceso de consumo de alcohol.<\/p>\n<p>La prevenci\u00f3n es el mejor camino para combatir la enfermedad.<br \/>\nEl auto-exploraci\u00f3n de mama es muy importante. Conocer tus pechos te ayudar\u00e1 a detectar cualquier cambio o anomal\u00eda.<br \/>\nEs muy importante y por eso no hay nada mejor que hacerse una auto-exploraci\u00f3n mensual. M\u00e9tete en manos de especialistas.<\/p>\n<p>Si tienes dudas, consultame!<br \/>\n&#x260e;&#xfe0f; 973 260 376 &#x260e;&#xfe0f;<\/p>\n<p>m\u00e1s informaci\u00f3n: <a href=\"http:\/\/cancer.gencat.cat\/ca\/ciutadans\/el_cancer\/cancer_de_mama\/\" target=\"_blank\" rel=\"noopener noreferrer\">http:\/\/cancer.gencat.cat\/ca\/ciutadans\/el_cancer\/cancer_de_mama\/<\/a><\/p>\n","protected":false},"excerpt":{"rendered":"<p>El c\u00e1ncer de mama es un tumor maligno que se inicia en el tejido de la gl\u00e1ndula mamaria. Se desconoce cu\u00e1les son las causas exactas del c\u00e1ncer de mama. La investigaci\u00f3n muestra que algunas mujeres con ciertos factores de riesgo tienen m\u00e1s probabilidad que otras mujeres de desarrollar c\u00e1ncer de mama. Un factor de riesgo [&hellip;]<\/p>\n","protected":false},"author":7,"featured_media":1716,"comment_status":"closed","ping_status":"open","sticky":false,"template":"","format":"standard","meta":{"footnotes":""},"categories":[46],"tags":[56,57,58,59],"class_list":["post-1775","post","type-post","status-publish","format-standard","has-post-thumbnail","hentry","category-news-es","tag-cancer-es","tag-mama-es","tag-precoz","tag-prevencion"],"yoast_head":"<!-- This site is optimized with the Yoast SEO plugin v26.8 - https:\/\/yoast.com\/product\/yoast-seo-wordpress\/ -->\n<title>C\u00e1ncer de mama | Gemma Valls<\/title>\n<meta name=\"robots\" content=\"index, follow, max-snippet:-1, max-image-preview:large, max-video-preview:-1\" \/>\n<link rel=\"canonical\" href=\"https:\/\/gemmavalls.com\/es\/cancer-de-mama\/\" \/>\n<meta property=\"og:locale\" content=\"es_ES\" \/>\n<meta property=\"og:type\" content=\"article\" \/>\n<meta property=\"og:title\" content=\"C\u00e1ncer de mama | Gemma Valls\" \/>\n<meta property=\"og:description\" content=\"El c\u00e1ncer de mama es un tumor maligno que se inicia en el tejido de la gl\u00e1ndula mamaria. Se desconoce cu\u00e1les son las causas exactas del c\u00e1ncer de mama. La investigaci\u00f3n muestra que algunas mujeres con ciertos factores de riesgo tienen m\u00e1s probabilidad que otras mujeres de desarrollar c\u00e1ncer de mama. Un factor de riesgo [&hellip;]\" \/>\n<meta property=\"og:url\" content=\"https:\/\/gemmavalls.com\/es\/cancer-de-mama\/\" \/>\n<meta property=\"og:site_name\" content=\"Gemma Valls\" \/>\n<meta property=\"article:publisher\" content=\"https:\/\/www.facebook.com\/gemmavallsginecologa\" \/>\n<meta property=\"article:published_time\" content=\"2017-10-17T10:19:57+00:00\" \/>\n<meta property=\"article:modified_time\" content=\"2020-12-09T12:13:32+00:00\" \/>\n<meta property=\"og:image\" content=\"https:\/\/gemmavalls.com\/wp-content\/uploads\/2017\/10\/pits-exploracio.jpg\" \/>\n\t<meta property=\"og:image:width\" content=\"749\" \/>\n\t<meta property=\"og:image:height\" content=\"493\" \/>\n\t<meta property=\"og:image:type\" content=\"image\/jpeg\" \/>\n<meta name=\"author\" content=\"clara78\" \/>\n<meta name=\"twitter:card\" content=\"summary_large_image\" \/>\n<meta name=\"twitter:label1\" content=\"Escrito por\" \/>\n\t<meta name=\"twitter:data1\" content=\"clara78\" \/>\n\t<meta name=\"twitter:label2\" content=\"Tiempo de lectura\" \/>\n\t<meta name=\"twitter:data2\" content=\"1 minuto\" \/>\n<script type=\"application\/ld+json\" class=\"yoast-schema-graph\">{\"@context\":\"https:\/\/schema.org\",\"@graph\":[{\"@type\":\"Article\",\"@id\":\"https:\/\/gemmavalls.com\/es\/cancer-de-mama\/#article\",\"isPartOf\":{\"@id\":\"https:\/\/gemmavalls.com\/es\/cancer-de-mama\/\"},\"author\":{\"name\":\"clara78\",\"@id\":\"https:\/\/gemmavalls.com\/es\/#\/schema\/person\/edfbb5ac7fa28af17cf9ee89c6a1a45c\"},\"headline\":\"C\u00e1ncer de mama\",\"datePublished\":\"2017-10-17T10:19:57+00:00\",\"dateModified\":\"2020-12-09T12:13:32+00:00\",\"mainEntityOfPage\":{\"@id\":\"https:\/\/gemmavalls.com\/es\/cancer-de-mama\/\"},\"wordCount\":241,\"publisher\":{\"@id\":\"https:\/\/gemmavalls.com\/es\/#organization\"},\"image\":{\"@id\":\"https:\/\/gemmavalls.com\/es\/cancer-de-mama\/#primaryimage\"},\"thumbnailUrl\":\"https:\/\/gemmavalls.com\/wp-content\/uploads\/2017\/10\/pits-exploracio.jpg\",\"keywords\":[\"cancer\",\"mama\",\"precoz\",\"prevenci\u00f3n\"],\"articleSection\":[\"News\"],\"inLanguage\":\"es\"},{\"@type\":\"WebPage\",\"@id\":\"https:\/\/gemmavalls.com\/es\/cancer-de-mama\/\",\"url\":\"https:\/\/gemmavalls.com\/es\/cancer-de-mama\/\",\"name\":\"C\u00e1ncer de mama | Gemma Valls\",\"isPartOf\":{\"@id\":\"https:\/\/gemmavalls.com\/es\/#website\"},\"primaryImageOfPage\":{\"@id\":\"https:\/\/gemmavalls.com\/es\/cancer-de-mama\/#primaryimage\"},\"image\":{\"@id\":\"https:\/\/gemmavalls.com\/es\/cancer-de-mama\/#primaryimage\"},\"thumbnailUrl\":\"https:\/\/gemmavalls.com\/wp-content\/uploads\/2017\/10\/pits-exploracio.jpg\",\"datePublished\":\"2017-10-17T10:19:57+00:00\",\"dateModified\":\"2020-12-09T12:13:32+00:00\",\"breadcrumb\":{\"@id\":\"https:\/\/gemmavalls.com\/es\/cancer-de-mama\/#breadcrumb\"},\"inLanguage\":\"es\",\"potentialAction\":[{\"@type\":\"ReadAction\",\"target\":[\"https:\/\/gemmavalls.com\/es\/cancer-de-mama\/\"]}]},{\"@type\":\"ImageObject\",\"inLanguage\":\"es\",\"@id\":\"https:\/\/gemmavalls.com\/es\/cancer-de-mama\/#primaryimage\",\"url\":\"https:\/\/gemmavalls.com\/wp-content\/uploads\/2017\/10\/pits-exploracio.jpg\",\"contentUrl\":\"https:\/\/gemmavalls.com\/wp-content\/uploads\/2017\/10\/pits-exploracio.jpg\",\"width\":749,\"height\":493},{\"@type\":\"BreadcrumbList\",\"@id\":\"https:\/\/gemmavalls.com\/es\/cancer-de-mama\/#breadcrumb\",\"itemListElement\":[{\"@type\":\"ListItem\",\"position\":1,\"name\":\"Home\",\"item\":\"https:\/\/gemmavalls.com\/es\/ginecologia-y-obstetricia-especialista-en-menopausia\/\"},{\"@type\":\"ListItem\",\"position\":2,\"name\":\"C\u00e1ncer de mama\"}]},{\"@type\":\"WebSite\",\"@id\":\"https:\/\/gemmavalls.com\/es\/#website\",\"url\":\"https:\/\/gemmavalls.com\/es\/\",\"name\":\"Gemma Valls | ginec\u00f2loga\",\"description\":\"Ginecolog\u00eda y obstetricia\",\"publisher\":{\"@id\":\"https:\/\/gemmavalls.com\/es\/#organization\"},\"alternateName\":\"Dra. Gemma Valls Ricart\",\"potentialAction\":[{\"@type\":\"SearchAction\",\"target\":{\"@type\":\"EntryPoint\",\"urlTemplate\":\"https:\/\/gemmavalls.com\/es\/?s={search_term_string}\"},\"query-input\":{\"@type\":\"PropertyValueSpecification\",\"valueRequired\":true,\"valueName\":\"search_term_string\"}}],\"inLanguage\":\"es\"},{\"@type\":\"Organization\",\"@id\":\"https:\/\/gemmavalls.com\/es\/#organization\",\"name\":\"Dra. Gemma Valls Ricart\",\"alternateName\":\"Gemma Valls ginecologia\",\"url\":\"https:\/\/gemmavalls.com\/es\/\",\"logo\":{\"@type\":\"ImageObject\",\"inLanguage\":\"es\",\"@id\":\"https:\/\/gemmavalls.com\/es\/#\/schema\/logo\/image\/\",\"url\":\"https:\/\/gemmavalls.com\/wp-content\/uploads\/2017\/05\/picto.jpg\",\"contentUrl\":\"https:\/\/gemmavalls.com\/wp-content\/uploads\/2017\/05\/picto.jpg\",\"width\":521,\"height\":521,\"caption\":\"Dra. Gemma Valls Ricart\"},\"image\":{\"@id\":\"https:\/\/gemmavalls.com\/es\/#\/schema\/logo\/image\/\"},\"sameAs\":[\"https:\/\/www.facebook.com\/gemmavallsginecologa\",\"https:\/\/www.instagram.com\/dra.gemmavalls\/\"]},{\"@type\":\"Person\",\"@id\":\"https:\/\/gemmavalls.com\/es\/#\/schema\/person\/edfbb5ac7fa28af17cf9ee89c6a1a45c\",\"name\":\"clara78\",\"image\":{\"@type\":\"ImageObject\",\"inLanguage\":\"es\",\"@id\":\"https:\/\/gemmavalls.com\/es\/#\/schema\/person\/image\/\",\"url\":\"https:\/\/secure.gravatar.com\/avatar\/46a81c17f3b483f1b6688e9bad7db57553b8b4b67af0ac2e69fbdf4cc3a359d7?s=96&d=mm&r=g\",\"contentUrl\":\"https:\/\/secure.gravatar.com\/avatar\/46a81c17f3b483f1b6688e9bad7db57553b8b4b67af0ac2e69fbdf4cc3a359d7?s=96&d=mm&r=g\",\"caption\":\"clara78\"},\"url\":\"https:\/\/gemmavalls.com\/es\/author\/clara78\/\"}]}<\/script>\n<!-- \/ Yoast SEO plugin. -->","yoast_head_json":{"title":"C\u00e1ncer de mama | Gemma Valls","robots":{"index":"index","follow":"follow","max-snippet":"max-snippet:-1","max-image-preview":"max-image-preview:large","max-video-preview":"max-video-preview:-1"},"canonical":"https:\/\/gemmavalls.com\/es\/cancer-de-mama\/","og_locale":"es_ES","og_type":"article","og_title":"C\u00e1ncer de mama | Gemma Valls","og_description":"El c\u00e1ncer de mama es un tumor maligno que se inicia en el tejido de la gl\u00e1ndula mamaria. Se desconoce cu\u00e1les son las causas exactas del c\u00e1ncer de mama. La investigaci\u00f3n muestra que algunas mujeres con ciertos factores de riesgo tienen m\u00e1s probabilidad que otras mujeres de desarrollar c\u00e1ncer de mama. Un factor de riesgo [&hellip;]","og_url":"https:\/\/gemmavalls.com\/es\/cancer-de-mama\/","og_site_name":"Gemma Valls","article_publisher":"https:\/\/www.facebook.com\/gemmavallsginecologa","article_published_time":"2017-10-17T10:19:57+00:00","article_modified_time":"2020-12-09T12:13:32+00:00","og_image":[{"width":749,"height":493,"url":"https:\/\/gemmavalls.com\/wp-content\/uploads\/2017\/10\/pits-exploracio.jpg","type":"image\/jpeg"}],"author":"clara78","twitter_card":"summary_large_image","twitter_misc":{"Escrito por":"clara78","Tiempo de lectura":"1 minuto"},"schema":{"@context":"https:\/\/schema.org","@graph":[{"@type":"Article","@id":"https:\/\/gemmavalls.com\/es\/cancer-de-mama\/#article","isPartOf":{"@id":"https:\/\/gemmavalls.com\/es\/cancer-de-mama\/"},"author":{"name":"clara78","@id":"https:\/\/gemmavalls.com\/es\/#\/schema\/person\/edfbb5ac7fa28af17cf9ee89c6a1a45c"},"headline":"C\u00e1ncer de mama","datePublished":"2017-10-17T10:19:57+00:00","dateModified":"2020-12-09T12:13:32+00:00","mainEntityOfPage":{"@id":"https:\/\/gemmavalls.com\/es\/cancer-de-mama\/"},"wordCount":241,"publisher":{"@id":"https:\/\/gemmavalls.com\/es\/#organization"},"image":{"@id":"https:\/\/gemmavalls.com\/es\/cancer-de-mama\/#primaryimage"},"thumbnailUrl":"https:\/\/gemmavalls.com\/wp-content\/uploads\/2017\/10\/pits-exploracio.jpg","keywords":["cancer","mama","precoz","prevenci\u00f3n"],"articleSection":["News"],"inLanguage":"es"},{"@type":"WebPage","@id":"https:\/\/gemmavalls.com\/es\/cancer-de-mama\/","url":"https:\/\/gemmavalls.com\/es\/cancer-de-mama\/","name":"C\u00e1ncer de mama | Gemma Valls","isPartOf":{"@id":"https:\/\/gemmavalls.com\/es\/#website"},"primaryImageOfPage":{"@id":"https:\/\/gemmavalls.com\/es\/cancer-de-mama\/#primaryimage"},"image":{"@id":"https:\/\/gemmavalls.com\/es\/cancer-de-mama\/#primaryimage"},"thumbnailUrl":"https:\/\/gemmavalls.com\/wp-content\/uploads\/2017\/10\/pits-exploracio.jpg","datePublished":"2017-10-17T10:19:57+00:00","dateModified":"2020-12-09T12:13:32+00:00","breadcrumb":{"@id":"https:\/\/gemmavalls.com\/es\/cancer-de-mama\/#breadcrumb"},"inLanguage":"es","potentialAction":[{"@type":"ReadAction","target":["https:\/\/gemmavalls.com\/es\/cancer-de-mama\/"]}]},{"@type":"ImageObject","inLanguage":"es","@id":"https:\/\/gemmavalls.com\/es\/cancer-de-mama\/#primaryimage","url":"https:\/\/gemmavalls.com\/wp-content\/uploads\/2017\/10\/pits-exploracio.jpg","contentUrl":"https:\/\/gemmavalls.com\/wp-content\/uploads\/2017\/10\/pits-exploracio.jpg","width":749,"height":493},{"@type":"BreadcrumbList","@id":"https:\/\/gemmavalls.com\/es\/cancer-de-mama\/#breadcrumb","itemListElement":[{"@type":"ListItem","position":1,"name":"Home","item":"https:\/\/gemmavalls.com\/es\/ginecologia-y-obstetricia-especialista-en-menopausia\/"},{"@type":"ListItem","position":2,"name":"C\u00e1ncer de mama"}]},{"@type":"WebSite","@id":"https:\/\/gemmavalls.com\/es\/#website","url":"https:\/\/gemmavalls.com\/es\/","name":"Gemma Valls | ginec\u00f2loga","description":"Ginecolog\u00eda y obstetricia","publisher":{"@id":"https:\/\/gemmavalls.com\/es\/#organization"},"alternateName":"Dra. Gemma Valls Ricart","potentialAction":[{"@type":"SearchAction","target":{"@type":"EntryPoint","urlTemplate":"https:\/\/gemmavalls.com\/es\/?s={search_term_string}"},"query-input":{"@type":"PropertyValueSpecification","valueRequired":true,"valueName":"search_term_string"}}],"inLanguage":"es"},{"@type":"Organization","@id":"https:\/\/gemmavalls.com\/es\/#organization","name":"Dra. Gemma Valls Ricart","alternateName":"Gemma Valls ginecologia","url":"https:\/\/gemmavalls.com\/es\/","logo":{"@type":"ImageObject","inLanguage":"es","@id":"https:\/\/gemmavalls.com\/es\/#\/schema\/logo\/image\/","url":"https:\/\/gemmavalls.com\/wp-content\/uploads\/2017\/05\/picto.jpg","contentUrl":"https:\/\/gemmavalls.com\/wp-content\/uploads\/2017\/05\/picto.jpg","width":521,"height":521,"caption":"Dra. Gemma Valls Ricart"},"image":{"@id":"https:\/\/gemmavalls.com\/es\/#\/schema\/logo\/image\/"},"sameAs":["https:\/\/www.facebook.com\/gemmavallsginecologa","https:\/\/www.instagram.com\/dra.gemmavalls\/"]},{"@type":"Person","@id":"https:\/\/gemmavalls.com\/es\/#\/schema\/person\/edfbb5ac7fa28af17cf9ee89c6a1a45c","name":"clara78","image":{"@type":"ImageObject","inLanguage":"es","@id":"https:\/\/gemmavalls.com\/es\/#\/schema\/person\/image\/","url":"https:\/\/secure.gravatar.com\/avatar\/46a81c17f3b483f1b6688e9bad7db57553b8b4b67af0ac2e69fbdf4cc3a359d7?s=96&d=mm&r=g","contentUrl":"https:\/\/secure.gravatar.com\/avatar\/46a81c17f3b483f1b6688e9bad7db57553b8b4b67af0ac2e69fbdf4cc3a359d7?s=96&d=mm&r=g","caption":"clara78"},"url":"https:\/\/gemmavalls.com\/es\/author\/clara78\/"}]}},"_links":{"self":[{"href":"https:\/\/gemmavalls.com\/es\/wp-json\/wp\/v2\/posts\/1775","targetHints":{"allow":["GET"]}}],"collection":[{"href":"https:\/\/gemmavalls.com\/es\/wp-json\/wp\/v2\/posts"}],"about":[{"href":"https:\/\/gemmavalls.com\/es\/wp-json\/wp\/v2\/types\/post"}],"author":[{"embeddable":true,"href":"https:\/\/gemmavalls.com\/es\/wp-json\/wp\/v2\/users\/7"}],"replies":[{"embeddable":true,"href":"https:\/\/gemmavalls.com\/es\/wp-json\/wp\/v2\/comments?post=1775"}],"version-history":[{"count":4,"href":"https:\/\/gemmavalls.com\/es\/wp-json\/wp\/v2\/posts\/1775\/revisions"}],"predecessor-version":[{"id":2069,"href":"https:\/\/gemmavalls.com\/es\/wp-json\/wp\/v2\/posts\/1775\/revisions\/2069"}],"wp:featuredmedia":[{"embeddable":true,"href":"https:\/\/gemmavalls.com\/es\/wp-json\/wp\/v2\/media\/1716"}],"wp:attachment":[{"href":"https:\/\/gemmavalls.com\/es\/wp-json\/wp\/v2\/media?parent=1775"}],"wp:term":[{"taxonomy":"category","embeddable":true,"href":"https:\/\/gemmavalls.com\/es\/wp-json\/wp\/v2\/categories?post=1775"},{"taxonomy":"post_tag","embeddable":true,"href":"https:\/\/gemmavalls.com\/es\/wp-json\/wp\/v2\/tags?post=1775"}],"curies":[{"name":"wp","href":"https:\/\/api.w.org\/{rel}","templated":true}]}}